{"id":3693,"date":"2025-08-04T14:44:30","date_gmt":"2025-08-04T12:44:30","guid":{"rendered":"https:\/\/www.nhsztisza.hu\/new\/?p=3693"},"modified":"2025-08-04T15:40:58","modified_gmt":"2025-08-04T13:40:58","slug":"tajekoztatas-a-tiszafuredi-es-karcagi-ugyfelszolgalat-34-heti-nyitvatartasanak-valtozasarol-2025-08-20","status":"publish","type":"post","link":"https:\/\/www.nhsztisza.hu\/new\/hirek\/tajekoztatas-a-tiszafuredi-es-karcagi-ugyfelszolgalat-34-heti-nyitvatartasanak-valtozasarol-2025-08-20\/","title":{"rendered":"T\u00e1j\u00e9koztat\u00e1s a tiszaf\u00fcredi \u00e9s karcagi \u00fcgyf\u00e9lszolg\u00e1lat 34.heti nyitvatart\u00e1s\u00e1nak v\u00e1ltoz\u00e1s\u00e1r\u00f3l (2025.08.20.)"},"content":{"rendered":"<p>Kattintson a c\u00edmre a tov\u00e1bbiak\u00e9rt<\/p>\n<p><!--more--><\/p>\n<p>Tisztelt \u00dcgyfeleink!<\/p>\n<p>T\u00e1j\u00e9koztatjuk \u00d6n\u00f6ket, hogy a tiszaf\u00fcredi (5350 Tiszaf\u00fcred, H\u00fasz\u00f6les \u00fat 149.) \u00e9s karcagi (5300 Karcag, Pet\u0151fi utca 1\/E.) \u00fcgyf\u00e9lszolg\u00e1lataink nyitvatart\u00e1s\u00e1ban az al\u00e1bbi v\u00e1ltoz\u00e1sok lesznek a 34.h\u00e9ten:<\/p>\n<p><strong>TISZAF\u00dcRED:<\/strong><\/p>\n<p>2025.08.18. (h\u00e9tf\u0151) &#8211; \u00fcgyf\u00e9lszolg\u00e1latunk z\u00e1rva tart<\/p>\n<p><strong>2025.08.19. (kedd) &#8211; 07:00 &#8211; 19:00<\/strong><\/p>\n<p>2025.08.20. (szerda)\u00a0 &#8211; \u00fcgyf\u00e9lszolg\u00e1latunk z\u00e1rva tart<\/p>\n<p>2025.08.21. (cs\u00fct\u00f6rt\u00f6k) &#8211; \u00fcgyf\u00e9lszolg\u00e1latunk z\u00e1rva tart<\/p>\n<p>2025.08.22. (p\u00e9ntek) &#8211;\u00a0 08:00 &#8211; 13:00<\/p>\n<p><strong>KARCAG:<\/strong><\/p>\n<p>2025.08.18. (h\u00e9tf\u0151) &#8211; \u00fcgyf\u00e9lszolg\u00e1latunk z\u00e1rva tart<\/p>\n<p><strong>2025.08.19. (kedd) &#8211; 06:00 &#8211; 18:00<\/strong><\/p>\n<p>2025.08.20. (szerda)\u00a0 &#8211; \u00fcgyf\u00e9lszolg\u00e1latunk z\u00e1rva tart<\/p>\n<p>2025.08.21. (cs\u00fct\u00f6rt\u00f6k) &#8211; 08:00 &#8211; 15:00<\/p>\n<p>2025.08.22. (p\u00e9ntek) &#8211; \u00fcgyf\u00e9lszolg\u00e1latunk z\u00e1rva tart<\/p>\n<p>Az \u00fcnnepnapokon esed\u00e9kes hullad\u00e9ksz\u00e1ll\u00edt\u00e1st t\u00e1rsas\u00e1gunk a kor\u00e1bbi \u00e9vekhez hasonl\u00f3an zavartalanul teljes\u00edti. K\u00e9rj\u00fck, hogy reggel 6 \u00f3r\u00e1ra helyezz\u00e9k ki az ed\u00e9nyt\u00a0 &#8211; a z\u00f6kken\u0151mentes \u00fcr\u00edt\u00e9s \u00e9rdek\u00e9ben.<\/p>\n<p>&nbsp;<\/p>\n<p>Egy\u00fcttm\u0171k\u00f6d\u00e9s\u00fcket megk\u00f6sz\u00f6nve<\/p>\n<p>NHSZ TISZA Nonprofit KFT.<\/p>\n","protected":false},"excerpt":{"rendered":"<p>Kattintson a c\u00edmre a tov\u00e1bbiak\u00e9rt<\/p>\n","protected":false},"author":7,"featured_media":0,"comment_status":"closed","ping_status":"closed","sticky":false,"template":"","format":"standard","meta":[],"categories":[1],"tags":[],"_links":{"self":[{"href":"https:\/\/www.nhsztisza.hu\/new\/wp-json\/wp\/v2\/posts\/3693"}],"collection":[{"href":"https:\/\/www.nhsztisza.hu\/new\/wp-json\/wp\/v2\/posts"}],"about":[{"href":"https:\/\/www.nhsztisza.hu\/new\/wp-json\/wp\/v2\/types\/post"}],"author":[{"embeddable":true,"href":"https:\/\/www.nhsztisza.hu\/new\/wp-json\/wp\/v2\/users\/7"}],"replies":[{"embeddable":true,"href":"https:\/\/www.nhsztisza.hu\/new\/wp-json\/wp\/v2\/comments?post=3693"}],"version-history":[{"count":7,"href":"https:\/\/www.nhsztisza.hu\/new\/wp-json\/wp\/v2\/posts\/3693\/revisions"}],"predecessor-version":[{"id":3700,"href":"https:\/\/www.nhsztisza.hu\/new\/wp-json\/wp\/v2\/posts\/3693\/revisions\/3700"}],"wp:attachment":[{"href":"https:\/\/www.nhsztisza.hu\/new\/wp-json\/wp\/v2\/media?parent=3693"}],"wp:term":[{"taxonomy":"category","embeddable":true,"href":"https:\/\/www.nhsztisza.hu\/new\/wp-json\/wp\/v2\/categories?post=3693"},{"taxonomy":"post_tag","embeddable":true,"href":"https:\/\/www.nhsztisza.hu\/new\/wp-json\/wp\/v2\/tags?post=3693"}],"curies":[{"name":"wp","href":"https:\/\/api.w.org\/{rel}","templated":true}]}}